{"id":1021,"date":"2023-08-31T23:37:05","date_gmt":"2023-08-31T21:37:05","guid":{"rendered":"https:\/\/lewebpedagogique.com\/laclassedeselin\/?p=1021"},"modified":"2023-08-31T23:37:05","modified_gmt":"2023-08-31T21:37:05","slug":"pour-me-connaitre-un-peu-mieux","status":"publish","type":"post","link":"https:\/\/classedeselin.com\/index.php\/2023\/08\/31\/pour-me-connaitre-un-peu-mieux\/","title":{"rendered":"Pour me conna\u00eetre un peu mieux"},"content":{"rendered":"\n\n\n<p>J&rsquo;ai eu le plaisir de participer au <a href=\"https:\/\/laptiteecoledufle.com\/podcast-pedagogie-fle\" target=\"_blank\" rel=\"noreferrer noopener\">podcast \u00ab\u00a0La langue au chat\u00a0\u00bb<\/a> r\u00e9alis\u00e9 par Ad\u00e9la\u00efde de <a rel=\"noreferrer noopener\" href=\"https:\/\/laptiteecoledufle.com\/\" target=\"_blank\">La Petite Ecole du FLE<\/a>. <\/p>\n\n\n<div class=\"wp-block-image is-style-default\">\n<figure class=\"aligncenter size-medium\"><img decoding=\"async\" src=\"https:\/\/lewebpedagogique.com\/laclassedeselin\/files\/2023\/08\/photo_podcast_ade-300x300.jpg\" alt=\"\" class=\"wp-image-1023\" \/><\/figure>\n<\/div>\n\n\n<p>C&rsquo;\u00e9tait une grande premi\u00e8re pour moi ! <\/p>\n\n\n\n<p>Nous y avons parl\u00e9 de mon parcours professionnel et de ce qui m&rsquo;a amen\u00e9e \u00e0 cr\u00e9er ce site : le manque de mat\u00e9riel pour l&rsquo;apprentissage du fran\u00e7ais (FLE, FLS, FLSco) en maternelle et d\u00e9but d&rsquo;\u00e9l\u00e9mentaire lorsqu&rsquo;on ne souhaite pas travailler avec l&rsquo;un des quelques manuels pour enfants de cet \u00e2ge et que l&rsquo;on aimerait faire parler un maximum ses \u00e9l\u00e8ves.<\/p>\n\n\n\n<p>On y a aussi abord\u00e9 mes d\u00e9buts en tant que prof de FLE \u00e0 l&rsquo;\u00e9tranger et les d\u00e9fis ensuite en tant que prof des \u00e9coles d&rsquo;une \u00e9cole fran\u00e7aise \u00e0 l&rsquo;\u00e9tranger avec des \u00e9l\u00e8ves dont beaucoup sont \u00e0 peine francophones.<\/p>\n\n\n\n<p>Cet \u00e9pisode du podcast est \u00e0 \u00e9couter ici :<\/p>\n\n\n\n<div class=\"wp-block-columns are-vertically-aligned-center is-layout-flex wp-container-core-columns-is-layout-9d6595d7 wp-block-columns-is-layout-flex\">\n<div class=\"wp-block-column is-vertically-aligned-center is-layout-flow wp-block-column-is-layout-flow\" style=\"flex-basis:100%\">\n<div class=\"wp-block-group\"><div class=\"wp-block-group__inner-container is-layout-constrained wp-block-group-is-layout-constrained\">\n<div class=\"wp-block-buttons is-content-justification-center is-layout-flex wp-container-core-buttons-is-layout-5590e8cb wp-block-buttons-is-layout-flex\">\n<div class=\"wp-block-button\"><a class=\"wp-block-button__link has-pale-cyan-blue-color has-vivid-cyan-blue-background-color has-text-color has-background wp-element-button\" href=\"https:\/\/smartlink.ausha.co\/la-langue-au-chat\/celine\" target=\"_blank\" rel=\"noreferrer noopener\">Ecouter le podcast<\/a><\/div>\n<\/div>\n<\/div><\/div>\n<\/div>\n<\/div>\n\n\n\n<p>Je vous incite \u00e0 \u00e9couter les autres \u00e9pisodes : Emmanuelle ma coll\u00e8gue de FLSco, Melek qui enseigne aussi \u00e0 un public turcophone et d&rsquo;autres coll\u00e8gues aux parcours vari\u00e9s que j&rsquo;ai d\u00e9couvertes lors de cette super exp\u00e9rience. Il vous suffit de cliquer sur <a rel=\"noreferrer noopener\" href=\"https:\/\/laptiteecoledufle.com\/podcast-pedagogie-fle\" target=\"_blank\">ce lien pour acc\u00e9der \u00e0 la page du podcast <em>La langue au chat<\/em><\/a> (descendre en bas de page apr\u00e8s le podcast <em>Histoires faciles<\/em>).<\/p>\n\n\n\n<div class=\"wp-block-buttons is-content-justification-center is-layout-flex wp-container-core-buttons-is-layout-16018d1d wp-block-buttons-is-layout-flex\">\n<div class=\"wp-block-button\"><a class=\"wp-block-button__link has-pale-cyan-blue-color has-vivid-cyan-blue-background-color has-text-color has-background wp-element-button\" href=\"https:\/\/laptiteecoledufle.com\/podcast-pedagogie-fle\" target=\"_blank\" rel=\"noreferrer noopener\">L&rsquo;ensemble des \u00e9pisodes<\/a><\/div>\n<\/div>\n\n\n\n<p>N&rsquo;h\u00e9sitez pas \u00e0 commenter !<\/p>\n\n\n\n<p><\/p>\n","protected":false},"excerpt":{"rendered":"<p>J&rsquo;ai eu le plaisir de participer au podcast \u00ab\u00a0La langue au chat\u00a0\u00bb r\u00e9alis\u00e9 par Ad\u00e9la\u00efde de La Petite Ecole du FLE. C&rsquo;\u00e9tait une grande premi\u00e8re pour moi ! Nous y avons parl\u00e9 de mon parcours professionnel et de ce qui m&rsquo;a amen\u00e9e \u00e0 cr\u00e9er ce site : le manque de mat\u00e9riel pour l&rsquo;apprentissage du fran\u00e7ais [&hellip;]<\/p>\n","protected":false},"author":2,"featured_media":0,"comment_status":"open","ping_status":"open","sticky":false,"template":"","format":"standard","meta":{"footnotes":""},"categories":[1],"tags":[],"class_list":["post-1021","post","type-post","status-publish","format-standard","hentry","category-non-classe"],"_links":{"self":[{"href":"https:\/\/classedeselin.com\/index.php\/wp-json\/wp\/v2\/posts\/1021","targetHints":{"allow":["GET"]}}],"collection":[{"href":"https:\/\/classedeselin.com\/index.php\/wp-json\/wp\/v2\/posts"}],"about":[{"href":"https:\/\/classedeselin.com\/index.php\/wp-json\/wp\/v2\/types\/post"}],"author":[{"embeddable":true,"href":"https:\/\/classedeselin.com\/index.php\/wp-json\/wp\/v2\/users\/2"}],"replies":[{"embeddable":true,"href":"https:\/\/classedeselin.com\/index.php\/wp-json\/wp\/v2\/comments?post=1021"}],"version-history":[{"count":0,"href":"https:\/\/classedeselin.com\/index.php\/wp-json\/wp\/v2\/posts\/1021\/revisions"}],"wp:attachment":[{"href":"https:\/\/classedeselin.com\/index.php\/wp-json\/wp\/v2\/media?parent=1021"}],"wp:term":[{"taxonomy":"category","embeddable":true,"href":"https:\/\/classedeselin.com\/index.php\/wp-json\/wp\/v2\/categories?post=1021"},{"taxonomy":"post_tag","embeddable":true,"href":"https:\/\/classedeselin.com\/index.php\/wp-json\/wp\/v2\/tags?post=1021"}],"curies":[{"name":"wp","href":"https:\/\/api.w.org\/{rel}","templated":true}]}}