{"id":299,"date":"2019-12-19T20:38:56","date_gmt":"2019-12-19T19:38:56","guid":{"rendered":"https:\/\/lewebpedagogique.com\/laclassedeselin\/?p=299"},"modified":"2019-12-19T20:38:56","modified_gmt":"2019-12-19T19:38:56","slug":"porte-vues-lexique-la-foret-et-noel","status":"publish","type":"post","link":"https:\/\/classedeselin.com\/index.php\/2019\/12\/19\/porte-vues-lexique-la-foret-et-noel\/","title":{"rendered":"Porte-vues lexique : la for\u00eat et No\u00ebl"},"content":{"rendered":"<p>Le porte-vues langage s&rsquo;enrichit de quelques pages suppl\u00e9mentaires : la for\u00eat et No\u00ebl.<\/p>\n<p>Vous retrouverez l&rsquo;ensemble des pages et th\u00e8mes abord\u00e9s<span style=\"text-decoration: underline\"><strong> <a href=\"https:\/\/lewebpedagogique.com\/laclassedeselin\/porte-vues-lexique\/\" target=\"_blank\" rel=\"noopener\">ici.<\/a><\/strong><\/span><\/p>\n<p><img loading=\"lazy\" decoding=\"async\" class=\"alignleft size-medium wp-image-300\" src=\"https:\/\/lewebpedagogique.com\/laclassedeselin\/files\/2019\/12\/foret-300x211.jpg\" alt=\"\" width=\"300\" height=\"211\" \/><\/p>\n<p>&nbsp;<\/p>\n<p><span style=\"text-decoration: underline\"><strong><a href=\"https:\/\/ahp.li\/d212d86985522c054f60.pdf\" target=\"_blank\" rel=\"noopener\">Porte-vues lexique For\u00eat<\/a><\/strong><\/span><\/p>\n<p>&nbsp;<\/p>\n<p>&nbsp;<\/p>\n<p>&nbsp;<\/p>\n<p>&nbsp;<\/p>\n<p><img loading=\"lazy\" decoding=\"async\" class=\"alignleft size-medium wp-image-306\" src=\"https:\/\/lewebpedagogique.com\/laclassedeselin\/files\/2019\/12\/noel-300x210.jpg\" alt=\"\" width=\"300\" height=\"210\" \/><\/p>\n<p>&nbsp;<\/p>\n<p><span style=\"text-decoration: underline\"><strong><a href=\"https:\/\/ahp.li\/1da6672b8d52a0b62260.pdf\" target=\"_blank\" rel=\"noopener\">Porte-vues lexique No\u00ebl<\/a><\/strong><\/span><\/p>\n","protected":false},"excerpt":{"rendered":"<p>Le porte-vues langage s&rsquo;enrichit de quelques pages suppl\u00e9mentaires : la for\u00eat et No\u00ebl. Vous retrouverez l&rsquo;ensemble des pages et th\u00e8mes abord\u00e9s ici. &nbsp; Porte-vues lexique For\u00eat &nbsp; &nbsp; &nbsp; &nbsp; &nbsp; Porte-vues lexique No\u00ebl<\/p>\n","protected":false},"author":2,"featured_media":300,"comment_status":"open","ping_status":"open","sticky":false,"template":"","format":"standard","meta":{"footnotes":""},"categories":[7],"tags":[31,37,46,65,72,74],"class_list":["post-299","post","type-post","status-publish","format-standard","has-post-thumbnail","hentry","category-porte-vues-lexique","tag-foret","tag-imagier","tag-lexique","tag-noel","tag-porte-vues-lexique","tag-qr-code"],"_links":{"self":[{"href":"https:\/\/classedeselin.com\/index.php\/wp-json\/wp\/v2\/posts\/299","targetHints":{"allow":["GET"]}}],"collection":[{"href":"https:\/\/classedeselin.com\/index.php\/wp-json\/wp\/v2\/posts"}],"about":[{"href":"https:\/\/classedeselin.com\/index.php\/wp-json\/wp\/v2\/types\/post"}],"author":[{"embeddable":true,"href":"https:\/\/classedeselin.com\/index.php\/wp-json\/wp\/v2\/users\/2"}],"replies":[{"embeddable":true,"href":"https:\/\/classedeselin.com\/index.php\/wp-json\/wp\/v2\/comments?post=299"}],"version-history":[{"count":0,"href":"https:\/\/classedeselin.com\/index.php\/wp-json\/wp\/v2\/posts\/299\/revisions"}],"wp:featuredmedia":[{"embeddable":true,"href":"https:\/\/classedeselin.com\/index.php\/wp-json\/"}],"wp:attachment":[{"href":"https:\/\/classedeselin.com\/index.php\/wp-json\/wp\/v2\/media?parent=299"}],"wp:term":[{"taxonomy":"category","embeddable":true,"href":"https:\/\/classedeselin.com\/index.php\/wp-json\/wp\/v2\/categories?post=299"},{"taxonomy":"post_tag","embeddable":true,"href":"https:\/\/classedeselin.com\/index.php\/wp-json\/wp\/v2\/tags?post=299"}],"curies":[{"name":"wp","href":"https:\/\/api.w.org\/{rel}","templated":true}]}}