{"id":74,"date":"2019-02-25T14:45:01","date_gmt":"2019-02-25T13:45:01","guid":{"rendered":"https:\/\/lewebpedagogique.com\/laclassedeselin\/?p=74"},"modified":"2024-10-07T10:59:39","modified_gmt":"2024-10-07T08:59:39","slug":"sacs-de-langage-materiel-scolaire","status":"publish","type":"post","link":"https:\/\/classedeselin.com\/index.php\/2019\/02\/25\/sacs-de-langage-materiel-scolaire\/","title":{"rendered":"Sacs de langage Mat\u00e9riel scolaire"},"content":{"rendered":"\n<div class=\"wp-block-columns is-layout-flex wp-container-core-columns-is-layout-9d6595d7 wp-block-columns-is-layout-flex\">\n<div class=\"wp-block-column is-layout-flow wp-block-column-is-layout-flow\" style=\"flex-basis:33.33%\"><div class=\"wp-block-image\">\n<figure class=\"aligncenter size-large\"><img loading=\"lazy\" decoding=\"async\" width=\"1024\" height=\"1024\" src=\"https:\/\/classedeselin.com\/wp-content\/uploads\/2024\/07\/20190213_143146-scaled-e1722031740769-1024x1024.jpg\" alt=\"\" class=\"wp-image-2523\" srcset=\"https:\/\/classedeselin.com\/wp-content\/uploads\/2024\/07\/20190213_143146-scaled-e1722031740769-1024x1024.jpg 1024w, https:\/\/classedeselin.com\/wp-content\/uploads\/2024\/07\/20190213_143146-scaled-e1722031740769-300x300.jpg 300w, https:\/\/classedeselin.com\/wp-content\/uploads\/2024\/07\/20190213_143146-scaled-e1722031740769-150x150.jpg 150w, https:\/\/classedeselin.com\/wp-content\/uploads\/2024\/07\/20190213_143146-scaled-e1722031740769-768x767.jpg 768w, https:\/\/classedeselin.com\/wp-content\/uploads\/2024\/07\/20190213_143146-scaled-e1722031740769.jpg 1442w\" sizes=\"auto, (max-width: 1024px) 100vw, 1024px\" \/><\/figure>\n<\/div><\/div>\n\n\n\n<div class=\"wp-block-column is-layout-flow wp-block-column-is-layout-flow\" style=\"flex-basis:66.66%\">\n<p>Les sacs de langage sont ramen\u00e9s \u00e0 la maison par les \u00e9l\u00e8ves, \u00e0 tour de r\u00f4le, sur le m\u00eame principe que les sacs \u00e0 album. <br>Vous trouverez plus d&rsquo;explications<span style=\"text-decoration: underline;\"><a href=\"https:\/\/classedeselin.com\/index.php\/les-sacs-de-langage\/\"> ici <\/a><\/span>  et en vid\u00e9o<span style=\"text-decoration: underline;\"> <a href=\"https:\/\/twitter.com\/MaitresseCelin1\/status\/1095719497359654913\" target=\"_blank\" rel=\"noopener\">ici.<\/a><\/span><\/p>\n\n\n\n<p>Il est indispensable de les travailler en classe avant pour que chaque enfant puisse \u00eatre autonome et montrer \u00e0 ses parents, en toute confiance, ce qu&rsquo;il sait dire.<\/p>\n<\/div>\n<\/div>\n\n\n\n<p>Une traduction dans la langue du pays peut \u00eatre int\u00e9ressante pour expliquer le contenu du sac et les attendus aux parents non ou peu francophones dans leur langue (ou en anglais).<\/p>\n\n\n\n<p>Voici ceux sur les sacs de langage sur le th\u00e8me du mat\u00e9riel scolaire :<\/p>\n\n\n\n<p>Le pdf est \u00e0 imprimer puis chaque page doit \u00eatre pli\u00e9e en deux et gliss\u00e9e dans un porte-vues A5. Vous pouvez ajouter dans le sac un jeu (et son explication).<\/p>\n\n\n\n<div class=\"wp-block-columns is-layout-flex wp-container-core-columns-is-layout-9d6595d7 wp-block-columns-is-layout-flex\">\n<div class=\"wp-block-column is-layout-flow wp-block-column-is-layout-flow\">\n<p class=\"has-text-align-center\"><a href=\"https:\/\/ahp.li\/bf7cae5c7cc50c7f7bd7.pdf\" target=\"_blank\" rel=\"noreferrer noopener\">Sac langage Mat\u00e9riel scolaire Niveau 1<\/a><\/p>\n<\/div>\n\n\n\n<div class=\"wp-block-column is-layout-flow wp-block-column-is-layout-flow\">\n<p class=\"has-text-align-center\"><a href=\"https:\/\/ahp.li\/ede9e3ea8ccb1dd84022.pdf\" target=\"_blank\" rel=\"noreferrer noopener\">Sac langage Mat\u00e9riel scolaire Niveau 2<\/a><\/p>\n<\/div>\n\n\n\n<div class=\"wp-block-column is-layout-flow wp-block-column-is-layout-flow\">\n<p class=\"has-text-align-center\"><a href=\"https:\/\/ahp.li\/f819c1e182ff60f53588.pdf\" target=\"_blank\" rel=\"noreferrer noopener\">Sac langage Mat\u00e9riel scolaire Niveau 3<\/a><\/p>\n<\/div>\n<\/div>\n\n\n\n<p>Pour permettre aux parents qui parlent peu ou qui pensent avoir un fort accent d&rsquo;avoir un mod\u00e8le de prononciation, j&rsquo;ai ajout\u00e9 une version avec qr-code (application MirageMake \u00e0 t\u00e9l\u00e9charger gratuitement).<\/p>\n\n\n\n<div class=\"wp-block-columns is-layout-flex wp-container-core-columns-is-layout-9d6595d7 wp-block-columns-is-layout-flex\">\n<div class=\"wp-block-column is-layout-flow wp-block-column-is-layout-flow\">\n<p class=\"has-text-align-center\"><a href=\"https:\/\/ahp.li\/44a680014f06b17cfe33.pdf\" target=\"_blank\" rel=\"noreferrer noopener\">Sac Langage Mat\u00e9riel Sco Niv 1 (avec qr_codes)<\/a><\/p>\n<\/div>\n\n\n\n<div class=\"wp-block-column is-layout-flow wp-block-column-is-layout-flow\">\n<p class=\"has-text-align-center\"><a href=\"https:\/\/ahp.li\/eec48e1eed895218b9ba.pdf\" target=\"_blank\" rel=\"noreferrer noopener\">Sac Langage Mat\u00e9riel Sco Niv 2 (avec qr_codes)<\/a><\/p>\n<\/div>\n\n\n\n<div class=\"wp-block-column is-layout-flow wp-block-column-is-layout-flow\">\n<p class=\"has-text-align-center\"><a href=\"https:\/\/ahp.li\/e92ff466efeffee99629.pdf\" target=\"_blank\" rel=\"noreferrer noopener\">Sac Langage Mat\u00e9riel Sco Niv 3 (avec qr_codes)<\/a><\/p>\n<\/div>\n<\/div>\n\n\n\n<p>J&rsquo;ai \u00e9galement fait une version en ligne via book-creator pour le niveau 1 qui permet d&rsquo;entendre directement le son :<\/p>\n\n\n\n<div class=\"wp-block-columns is-layout-flex wp-container-core-columns-is-layout-9d6595d7 wp-block-columns-is-layout-flex\">\n<div class=\"wp-block-column is-layout-flow wp-block-column-is-layout-flow\" style=\"flex-basis:33.33%\">\n<p class=\"has-text-align-center\"><a href=\"https:\/\/read.bookcreator.com\/1NUOd5BCdte62TDnX8IFxjdJi3h2\/-FsjefnIQVCNLYyOUrk0vQ\" target=\"_blank\" rel=\"noreferrer noopener\">Version num\u00e9rique du mat\u00e9riel scolaire Niveau 1<\/a><\/p>\n<\/div>\n\n\n\n<div class=\"wp-block-column is-layout-flow wp-block-column-is-layout-flow\" style=\"flex-basis:66.66%\"><\/div>\n<\/div>\n\n\n\n<h2 class=\"wp-block-heading\">&nbsp;&nbsp;Pour aller plus loin :<\/h2>\n\n\n\n<div class=\"wp-block-columns is-layout-flex wp-container-core-columns-is-layout-9d6595d7 wp-block-columns-is-layout-flex\">\n<div class=\"wp-block-column is-layout-flow wp-block-column-is-layout-flow\"><div class=\"wp-block-image\">\n<figure class=\"aligncenter size-large\"><a href=\"https:\/\/classedeselin.com\/index.php\/les-sacs-de-langage\/\" target=\"_blank\" rel=\"noreferrer noopener\"><img loading=\"lazy\" decoding=\"async\" width=\"1024\" height=\"1024\" src=\"https:\/\/classedeselin.com\/wp-content\/uploads\/2024\/07\/20190213_143146-scaled-e1722031740769-1024x1024.jpg\" alt=\"\" class=\"wp-image-2523\" srcset=\"https:\/\/classedeselin.com\/wp-content\/uploads\/2024\/07\/20190213_143146-scaled-e1722031740769-1024x1024.jpg 1024w, https:\/\/classedeselin.com\/wp-content\/uploads\/2024\/07\/20190213_143146-scaled-e1722031740769-300x300.jpg 300w, https:\/\/classedeselin.com\/wp-content\/uploads\/2024\/07\/20190213_143146-scaled-e1722031740769-150x150.jpg 150w, https:\/\/classedeselin.com\/wp-content\/uploads\/2024\/07\/20190213_143146-scaled-e1722031740769-768x767.jpg 768w, https:\/\/classedeselin.com\/wp-content\/uploads\/2024\/07\/20190213_143146-scaled-e1722031740769.jpg 1442w\" sizes=\"auto, (max-width: 1024px) 100vw, 1024px\" \/><\/a><\/figure>\n<\/div>\n\n\n<p class=\"has-text-align-center\"><a href=\"https:\/\/classedeselin.com\/index.php\/les-sacs-de-langage\/\">Principe et objectifs <\/a><br><a href=\"https:\/\/classedeselin.com\/index.php\/les-sacs-de-langage\/\">des sacs de langage<\/a><\/p>\n<\/div>\n\n\n\n<div class=\"wp-block-column is-layout-flow wp-block-column-is-layout-flow\"><div class=\"wp-block-image\">\n<figure class=\"aligncenter size-full is-resized\"><a href=\"https:\/\/classedeselin.com\/index.php\/2019\/02\/26\/sacs-de-langage-aliments\/\" target=\"_blank\" rel=\"noreferrer noopener\"><img loading=\"lazy\" decoding=\"async\" width=\"592\" height=\"870\" src=\"https:\/\/classedeselin.com\/wp-content\/uploads\/2024\/07\/Capture-decran-2024-07-26-202623.png\" alt=\"\" class=\"wp-image-2506\" style=\"width:184px;height:auto\" srcset=\"https:\/\/classedeselin.com\/wp-content\/uploads\/2024\/07\/Capture-decran-2024-07-26-202623.png 592w, https:\/\/classedeselin.com\/wp-content\/uploads\/2024\/07\/Capture-decran-2024-07-26-202623-204x300.png 204w\" sizes=\"auto, (max-width: 592px) 100vw, 592px\" \/><\/a><\/figure>\n<\/div>\n\n\n<p class=\"has-text-align-center\"><a href=\"https:\/\/classedeselin.com\/index.php\/2019\/02\/26\/sacs-de-langage-aliments\/\" target=\"_blank\" rel=\"noreferrer noopener\">Sacs de langage sur les aliments<\/a><\/p>\n<\/div>\n\n\n\n<div class=\"wp-block-column is-layout-flow wp-block-column-is-layout-flow\"><div class=\"wp-block-image\">\n<figure class=\"aligncenter size-large\"><a href=\"https:\/\/classedeselin.com\/index.php\/jeux-de-langage\/jeux-langage-par-theme\/lecole\/\" target=\"_blank\" rel=\"noreferrer noopener\"><img loading=\"lazy\" decoding=\"async\" width=\"1024\" height=\"1024\" src=\"https:\/\/classedeselin.com\/wp-content\/uploads\/2023\/11\/2-1-1024x1024.png\" alt=\"\" class=\"wp-image-1253\" srcset=\"https:\/\/classedeselin.com\/wp-content\/uploads\/2023\/11\/2-1-1024x1024.png 1024w, https:\/\/classedeselin.com\/wp-content\/uploads\/2023\/11\/2-1-300x300.png 300w, https:\/\/classedeselin.com\/wp-content\/uploads\/2023\/11\/2-1-150x150.png 150w, https:\/\/classedeselin.com\/wp-content\/uploads\/2023\/11\/2-1-768x768.png 768w, https:\/\/classedeselin.com\/wp-content\/uploads\/2023\/11\/2-1.png 1080w\" sizes=\"auto, (max-width: 1024px) 100vw, 1024px\" \/><\/a><\/figure>\n<\/div>\n\n\n<p class=\"has-text-align-center\"><a href=\"https:\/\/classedeselin.com\/index.php\/jeux-de-langage\/jeux-langage-par-theme\/lecole\/\">Jeux de langage sur le th\u00e8me de l&rsquo;\u00e9cole et du mat\u00e9riel scolaire<\/a><\/p>\n<\/div>\n<\/div>\n\n\n\n<div class=\"wp-block-columns is-layout-flex wp-container-core-columns-is-layout-9d6595d7 wp-block-columns-is-layout-flex\">\n<div class=\"wp-block-column is-layout-flow wp-block-column-is-layout-flow\"><\/div>\n\n\n\n<div class=\"wp-block-column is-layout-flow wp-block-column-is-layout-flow\"><\/div>\n\n\n\n<div class=\"wp-block-column is-layout-flow wp-block-column-is-layout-flow\"><\/div>\n<\/div>\n","protected":false},"excerpt":{"rendered":"<p>Les sacs de langage sont ramen\u00e9s \u00e0 la maison par les \u00e9l\u00e8ves, \u00e0 tour de r\u00f4le, sur le m\u00eame principe que les sacs \u00e0 album. Vous trouverez plus d&rsquo;explications ici et en vid\u00e9o ici. Il est indispensable de les travailler en classe avant pour que chaque enfant puisse \u00eatre autonome et montrer \u00e0 ses parents, [&hellip;]<\/p>\n","protected":false},"author":2,"featured_media":0,"comment_status":"open","ping_status":"open","sticky":false,"template":"","format":"standard","meta":{"footnotes":""},"categories":[8],"tags":[54,75],"class_list":["post-74","post","type-post","status-publish","format-standard","hentry","category-sacs-de-langage","tag-materiel-scolaire","tag-sac-langage"],"_links":{"self":[{"href":"https:\/\/classedeselin.com\/index.php\/wp-json\/wp\/v2\/posts\/74","targetHints":{"allow":["GET"]}}],"collection":[{"href":"https:\/\/classedeselin.com\/index.php\/wp-json\/wp\/v2\/posts"}],"about":[{"href":"https:\/\/classedeselin.com\/index.php\/wp-json\/wp\/v2\/types\/post"}],"author":[{"embeddable":true,"href":"https:\/\/classedeselin.com\/index.php\/wp-json\/wp\/v2\/users\/2"}],"replies":[{"embeddable":true,"href":"https:\/\/classedeselin.com\/index.php\/wp-json\/wp\/v2\/comments?post=74"}],"version-history":[{"count":4,"href":"https:\/\/classedeselin.com\/index.php\/wp-json\/wp\/v2\/posts\/74\/revisions"}],"predecessor-version":[{"id":2702,"href":"https:\/\/classedeselin.com\/index.php\/wp-json\/wp\/v2\/posts\/74\/revisions\/2702"}],"wp:attachment":[{"href":"https:\/\/classedeselin.com\/index.php\/wp-json\/wp\/v2\/media?parent=74"}],"wp:term":[{"taxonomy":"category","embeddable":true,"href":"https:\/\/classedeselin.com\/index.php\/wp-json\/wp\/v2\/categories?post=74"},{"taxonomy":"post_tag","embeddable":true,"href":"https:\/\/classedeselin.com\/index.php\/wp-json\/wp\/v2\/tags?post=74"}],"curies":[{"name":"wp","href":"https:\/\/api.w.org\/{rel}","templated":true}]}}